{"items":["    \u003Cdiv class=\u0022content-tile content-tile-news\u0022\u003E\n            \u003Cdiv class=\u0022content-side\u0022\u003E\n                                                            \n\n\n                                                                    \n\n\u003Cdiv class=\u0022image-container with-border\u0022\u003E\n    \u003Cdiv class=\u0022image\u0022\u003E\n        \u003Cpicture class=\u0022format-16-10\u0022\u003E\n                                                                                                                 \u003Csource srcset=\u0022https:\/\/www.bott.at\/var\/site\/storage\/images\/_aliases\/cw_small_1x\/4\/6\/0\/6\/876064-2-ger-DE\/b37683302864-1-Titelbild-Heldensache-Alternative2.jpg.webp 1x, https:\/\/www.bott.at\/var\/site\/storage\/images\/_aliases\/cw_small_2x\/4\/6\/0\/6\/876064-2-ger-DE\/b37683302864-1-Titelbild-Heldensache-Alternative2.jpg.webp 2x\u0022\u003E\n                                                \n            \u003Cimg src=\u0022\/var\/site\/storage\/images\/4\/6\/0\/6\/876064-2-ger-DE\/b37683302864-1-Titelbild-Heldensache-Alternative2.jpg\u0022\n                                    alt=\u00221-Titelbild-Heldensache-Alternative.jpg\u0022\n                                                                    data-focus-x=\u00220\u0022\n                    data-focus-y=\u00220\u0022\n                                 class=\u0022cover\u0022\n                 loading=\u0022lazy\u0022\u003E\n        \u003C\/picture\u003E\n    \u003C\/div\u003E\n\u003C\/div\u003E\n\n                                                    \u003Cdiv class=\u0022d-md-none news-date\u0022\u003E\n                    02.06.2026\n                \u003C\/div\u003E\n                    \u003C\/div\u003E\n        \u003Cdiv class=\u0022content-text\u0022\u003E\n\n                \u003Ch3 class=\u0022h3\u0022\u003E\n        \u003Cspan\u003EHeldensache \u2013 ein Exempel f\u00fcr die Blaulichtfamilie\u003C\/span\u003E\n    \u003C\/h3\u003E\n\n                            \u003Cdiv class=\u0022date d-none d-md-block\u0022\u003E02.06.2026\u003C\/div\u003E\n                        \u003Cdiv class=\u0022text\u0022\u003E\n                                                    Mit dem neuen Vorf\u00fchrfahrzeug \u201eHeldensache\u201c geht die Bott Gruppe gezielt auf Beh\u00f6rden und Organisationen mit Sicherheitsaufgaben ein \u2013 und zeigt, was sie kann. Dabei soll die umfangreiche Ausstattung des Gro\u00dfraumtransporters nicht nur beeindrucken, sondern vor allem Augen \u00f6ffnen: Der beispielhafte Ausbau gibt einen Einblick in die vielf\u00e4ltigen M\u00f6glichkeiten, die Blaulichtorganisationen von bott erwarten k\u00f6nnen.\n                            \u003C\/div\u003E\n                            \u003Cdiv class=\u0022tag\u0022\u003ENews\u003C\/div\u003E\n                    \u003C\/div\u003E\n                                \n\n    \n                \n    \n\n\n            \u003Ca type=\u0022button\u0022 href=\u0022\/unternehmen\/aktuelles\/2026\/heldensache-ein-exempel-fuer-die-blaulichtfamilie\u0022  target=\u0022_self\u0022  class=\u0022button btn-primary icon-only size-md \u0022  \u003E\n\n            \u003Cdiv class=\u0022button-content\u0022\u003E\n                \n                                    \u003Cspan class=\u0022svg-icon \u0022\u003E\n                                                    \u003Csvg xmlns=\u0022http:\/\/www.w3.org\/2000\/svg\u0022 xmlns:xlink=\u0022http:\/\/www.w3.org\/1999\/xlink\u0022 viewBox=\u00220 0 18 14\u0022\n     class=\u0022icon icon-arrow_right\u0022\u003E\n    \u003Cg fill=\u0022none\u0022 fill-rule=\u0022evenodd\u0022 transform=\u0022translate(-3 -5)\u0022\u003E\n        \u003Cpath class=\u0022fill\u0022\n              d=\u0022M13.293 5.293a1 1 0 0 1 1.414 0l6 6A1.006 1.006 0 0 1 21 12l-.004-.085c.002.017.003.034.003.052L21 12a1.018 1.018 0 0 1-.146.52 1.035 1.035 0 0 1-.147.187l.08-.09a1.003 1.003 0 0 1-.007.008l-.073.082-6 6a1 1 0 0 1-1.414-1.414l4.292-4.294L4 13a1 1 0 0 1-.993-.883L3 12a1 1 0 0 1 1-1l13.585-.001-4.292-4.292a1 1 0 0 1-.083-1.32Z\u0022\/\u003E\n    \u003C\/g\u003E\n\u003C\/svg\u003E\n                                            \u003C\/span\u003E\n                \n            \u003C\/div\u003E\n        \u003C\/a\u003E\n    \n                \u003C\/div\u003E\n","    \u003Cdiv class=\u0022content-tile content-tile-news\u0022\u003E\n            \u003Cdiv class=\u0022content-side\u0022\u003E\n                                                            \n\n\n                                                                    \n\n\u003Cdiv class=\u0022image-container with-border\u0022\u003E\n    \u003Cdiv class=\u0022image\u0022\u003E\n        \u003Cpicture class=\u0022format-16-10\u0022\u003E\n                                                                                                                 \u003Csource srcset=\u0022https:\/\/www.bott.at\/var\/site\/storage\/images\/_aliases\/cw_small_1x\/8\/3\/8\/6\/856838-1-ger-DE\/d17f6e0bd87f-Titelbild-enhanced_ADAC_Screenshot_5-web.jpg.webp 1x, https:\/\/www.bott.at\/var\/site\/storage\/images\/_aliases\/cw_small_2x\/8\/3\/8\/6\/856838-1-ger-DE\/d17f6e0bd87f-Titelbild-enhanced_ADAC_Screenshot_5-web.jpg.webp 2x\u0022\u003E\n                                                \n            \u003Cimg src=\u0022\/var\/site\/storage\/images\/8\/3\/8\/6\/856838-1-ger-DE\/d17f6e0bd87f-Titelbild-enhanced_ADAC_Screenshot_5-web.jpg\u0022\n                                    alt=\u0022Titelbild-enhanced_ADAC_Screenshot_5-web.jpg\u0022\n                                                                    data-focus-x=\u00220\u0022\n                    data-focus-y=\u00220\u0022\n                                 class=\u0022cover\u0022\n                 loading=\u0022lazy\u0022\u003E\n        \u003C\/picture\u003E\n    \u003C\/div\u003E\n\u003C\/div\u003E\n\n                                                    \u003Cdiv class=\u0022d-md-none news-date\u0022\u003E\n                    21.05.2026\n                \u003C\/div\u003E\n                    \u003C\/div\u003E\n        \u003Cdiv class=\u0022content-text\u0022\u003E\n\n                \u003Ch3 class=\u0022h3\u0022\u003E\n        \u003Cspan\u003EADAC setzt auf neue Fahrzeugeinrichtung f\u00fcr mehr Effizienz im Einsatz\u003C\/span\u003E\n    \u003C\/h3\u003E\n\n                            \u003Cdiv class=\u0022date d-none d-md-block\u0022\u003E21.05.2026\u003C\/div\u003E\n                        \u003Cdiv class=\u0022text\u0022\u003E\n                                                    Seit 2025 stattet der ADAC e. V. seine Stra\u00dfenwachtfahrzeuge bundesweit mit der bott vario3 Fahrzeugeinrichtung aus. Sie ist Teil des einheitlichen Ausbaustandards der Pannenhilfe Flotte.\n                            \u003C\/div\u003E\n                            \u003Cdiv class=\u0022tag\u0022\u003ENews\u003C\/div\u003E\n                    \u003C\/div\u003E\n                                \n\n    \n                \n    \n\n\n            \u003Ca type=\u0022button\u0022 href=\u0022\/unternehmen\/aktuelles\/2026\/adac-setzt-auf-neue-fahrzeugeinrichtung\u0022  target=\u0022_self\u0022  class=\u0022button btn-primary icon-only size-md \u0022  \u003E\n\n            \u003Cdiv class=\u0022button-content\u0022\u003E\n                \n                                    \u003Cspan class=\u0022svg-icon \u0022\u003E\n                                                    \u003Csvg xmlns=\u0022http:\/\/www.w3.org\/2000\/svg\u0022 xmlns:xlink=\u0022http:\/\/www.w3.org\/1999\/xlink\u0022 viewBox=\u00220 0 18 14\u0022\n     class=\u0022icon icon-arrow_right\u0022\u003E\n    \u003Cg fill=\u0022none\u0022 fill-rule=\u0022evenodd\u0022 transform=\u0022translate(-3 -5)\u0022\u003E\n        \u003Cpath class=\u0022fill\u0022\n              d=\u0022M13.293 5.293a1 1 0 0 1 1.414 0l6 6A1.006 1.006 0 0 1 21 12l-.004-.085c.002.017.003.034.003.052L21 12a1.018 1.018 0 0 1-.146.52 1.035 1.035 0 0 1-.147.187l.08-.09a1.003 1.003 0 0 1-.007.008l-.073.082-6 6a1 1 0 0 1-1.414-1.414l4.292-4.294L4 13a1 1 0 0 1-.993-.883L3 12a1 1 0 0 1 1-1l13.585-.001-4.292-4.292a1 1 0 0 1-.083-1.32Z\u0022\/\u003E\n    \u003C\/g\u003E\n\u003C\/svg\u003E\n                                            \u003C\/span\u003E\n                \n            \u003C\/div\u003E\n        \u003C\/a\u003E\n    \n                \u003C\/div\u003E\n","    \u003Cdiv class=\u0022content-tile content-tile-news\u0022\u003E\n            \u003Cdiv class=\u0022content-side\u0022\u003E\n                                                            \n\n\n                                                                    \n\n\u003Cdiv class=\u0022image-container with-border\u0022\u003E\n    \u003Cdiv class=\u0022image\u0022\u003E\n        \u003Cpicture class=\u0022format-16-10\u0022\u003E\n                                                                                                                 \u003Csource srcset=\u0022https:\/\/www.bott.at\/var\/site\/storage\/images\/_aliases\/cw_small_1x\/2\/2\/7\/5\/815722-1-ger-DE\/79fbd2c578a3-fe_ref_MB_mobiler_Service_24c0326_019_V01_1zu1.png.webp 1x, https:\/\/www.bott.at\/var\/site\/storage\/images\/_aliases\/cw_small_2x\/2\/2\/7\/5\/815722-1-ger-DE\/79fbd2c578a3-fe_ref_MB_mobiler_Service_24c0326_019_V01_1zu1.png.webp 2x\u0022\u003E\n                                                \n            \u003Cimg src=\u0022\/var\/site\/storage\/images\/2\/2\/7\/5\/815722-1-ger-DE\/79fbd2c578a3-fe_ref_MB_mobiler_Service_24c0326_019_V01_1zu1.png\u0022\n                                    alt=\u0022fe_ref_MB_mobiler_Service_24c0326_019_V01_1zu1.png\u0022\n                                                                    data-focus-x=\u00220\u0022\n                    data-focus-y=\u00220\u0022\n                                 class=\u0022cover\u0022\n                 loading=\u0022lazy\u0022\u003E\n        \u003C\/picture\u003E\n    \u003C\/div\u003E\n\u003C\/div\u003E\n\n                                                    \u003Cdiv class=\u0022d-md-none news-date\u0022\u003E\n                    23.04.2026\n                \u003C\/div\u003E\n                    \u003C\/div\u003E\n        \u003Cdiv class=\u0022content-text\u0022\u003E\n\n                \u003Ch3 class=\u0022h3\u0022\u003E\n        \u003Cspan\u003EMobiler Service neu gedacht: Mercedes-Benz Mobile Service setzt auf effiziente Fahrzeugeinrichtung von bott\u003C\/span\u003E\n    \u003C\/h3\u003E\n\n                            \u003Cdiv class=\u0022date d-none d-md-block\u0022\u003E23.04.2026\u003C\/div\u003E\n                        \u003Cdiv class=\u0022text\u0022\u003E\n                                                    Mercedes-Benz hat sich eine ambitionierte Frage gestellt: Wie bringt man hochwertigen Service direkt dorthin, wo die Fahrzeuge stehen ohne Umwege \u00fcber die Werkstatt? Die Antwort ist der Mercedes-Benz Mobile Service: ein innovatives Konzept, bei dem speziell ausgestattete Servicefahrzeuge zu Kunden fahren, um Wartungen, Inspektionen und Reparaturen vor Ort durchzuf\u00fchren. \r\n\r\nDas spart wertvolle Zeit besonders f\u00fcr Flotten und gewerbliche Kunden, die ihre Fahrzeuge t\u00e4glich ben\u00f6tigen. Mit nur einem Termin und einer Anfahrt lassen sich mehrere Fahrzeuge einer Flotte warten. Die Verf\u00fcgbarkeit steigt, die Betriebszeiten werden maximiert.\n                            \u003C\/div\u003E\n                            \u003Cdiv class=\u0022tag\u0022\u003ENews\u003C\/div\u003E\n                    \u003C\/div\u003E\n                                \n\n    \n                \n    \n\n\n            \u003Ca type=\u0022button\u0022 href=\u0022\/unternehmen\/aktuelles\/2026\/mobiler-service-neu-gedacht-mercedes-benz-mobile-service-setzt-auf-effiziente-fahrzeugeinrichtung-von-bott\u0022  target=\u0022_self\u0022  class=\u0022button btn-primary icon-only size-md \u0022  \u003E\n\n            \u003Cdiv class=\u0022button-content\u0022\u003E\n                \n                                    \u003Cspan class=\u0022svg-icon \u0022\u003E\n                                                    \u003Csvg xmlns=\u0022http:\/\/www.w3.org\/2000\/svg\u0022 xmlns:xlink=\u0022http:\/\/www.w3.org\/1999\/xlink\u0022 viewBox=\u00220 0 18 14\u0022\n     class=\u0022icon icon-arrow_right\u0022\u003E\n    \u003Cg fill=\u0022none\u0022 fill-rule=\u0022evenodd\u0022 transform=\u0022translate(-3 -5)\u0022\u003E\n        \u003Cpath class=\u0022fill\u0022\n              d=\u0022M13.293 5.293a1 1 0 0 1 1.414 0l6 6A1.006 1.006 0 0 1 21 12l-.004-.085c.002.017.003.034.003.052L21 12a1.018 1.018 0 0 1-.146.52 1.035 1.035 0 0 1-.147.187l.08-.09a1.003 1.003 0 0 1-.007.008l-.073.082-6 6a1 1 0 0 1-1.414-1.414l4.292-4.294L4 13a1 1 0 0 1-.993-.883L3 12a1 1 0 0 1 1-1l13.585-.001-4.292-4.292a1 1 0 0 1-.083-1.32Z\u0022\/\u003E\n    \u003C\/g\u003E\n\u003C\/svg\u003E\n                                            \u003C\/span\u003E\n                \n            \u003C\/div\u003E\n        \u003C\/a\u003E\n    \n                \u003C\/div\u003E\n","    \u003Cdiv class=\u0022content-tile content-tile-news\u0022\u003E\n            \u003Cdiv class=\u0022content-side\u0022\u003E\n                                                            \n\n\n                                                                    \n\n\u003Cdiv class=\u0022image-container with-border\u0022\u003E\n    \u003Cdiv class=\u0022image\u0022\u003E\n        \u003Cpicture class=\u0022format-16-10\u0022\u003E\n                                                                                                                 \u003Csource srcset=\u0022https:\/\/www.bott.at\/var\/site\/storage\/images\/_aliases\/cw_small_1x\/4\/8\/3\/4\/814384-1-ger-DE\/dfb11c2ac2e2-Ford-Transit_Klappregale_hi_re_02_V01.jpg.webp 1x, https:\/\/www.bott.at\/var\/site\/storage\/images\/_aliases\/cw_small_2x\/4\/8\/3\/4\/814384-1-ger-DE\/dfb11c2ac2e2-Ford-Transit_Klappregale_hi_re_02_V01.jpg.webp 2x\u0022\u003E\n                                                \n            \u003Cimg src=\u0022\/var\/site\/storage\/images\/4\/8\/3\/4\/814384-1-ger-DE\/dfb11c2ac2e2-Ford-Transit_Klappregale_hi_re_02_V01.jpg\u0022\n                                    alt=\u0022Ford Transit_Klappregale_hi_re_02_V01.jpg\u0022\n                                                                    data-focus-x=\u00220\u0022\n                    data-focus-y=\u00220\u0022\n                                 class=\u0022cover\u0022\n                 loading=\u0022lazy\u0022\u003E\n        \u003C\/picture\u003E\n    \u003C\/div\u003E\n\u003C\/div\u003E\n\n                                                    \u003Cdiv class=\u0022d-md-none news-date\u0022\u003E\n                    16.04.2026\n                \u003C\/div\u003E\n                    \u003C\/div\u003E\n        \u003Cdiv class=\u0022content-text\u0022\u003E\n\n                \u003Ch3 class=\u0022h3\u0022\u003E\n        \u003Cspan\u003EMehr Effizienz auf der letzten Meile: Die neuen bott vario3 Klappregale\u003C\/span\u003E\n    \u003C\/h3\u003E\n\n                            \u003Cdiv class=\u0022date d-none d-md-block\u0022\u003E16.04.2026\u003C\/div\u003E\n                        \u003Cdiv class=\u0022text\u0022\u003E\n                                                    Die Last\u2011Mile\u2011Delivery stellt Kurier\u2011, Express\u2011 und Paketdienste vor immer gr\u00f6\u00dfere logistische Herausforderungen. Steigende Sendungsmengen, enge Zeitfenster und der zunehmende Einsatz von Elektrofahrzeugen erfordern durchdachte, leichte und flexible Fahrzeugeinrichtungen. Mit den bott vario3 Klappregalen erweitern wir unser Portfolio um eine speziell f\u00fcr den KEP\u2011Einsatz entwickelte Regall\u00f6sung, die Ordnung, Ergonomie und Ladungssicherung optimal miteinander verbindet.\n                            \u003C\/div\u003E\n                            \u003Cdiv class=\u0022tag\u0022\u003ENews\u003C\/div\u003E\n                    \u003C\/div\u003E\n                                \n\n    \n                \n    \n\n\n            \u003Ca type=\u0022button\u0022 href=\u0022\/unternehmen\/aktuelles\/2026\/mehr-effizienz-auf-der-letzten-meile-die-neuen-bott-vario3-klappregale\u0022  target=\u0022_self\u0022  class=\u0022button btn-primary icon-only size-md \u0022  \u003E\n\n            \u003Cdiv class=\u0022button-content\u0022\u003E\n                \n                                    \u003Cspan class=\u0022svg-icon \u0022\u003E\n                                                    \u003Csvg xmlns=\u0022http:\/\/www.w3.org\/2000\/svg\u0022 xmlns:xlink=\u0022http:\/\/www.w3.org\/1999\/xlink\u0022 viewBox=\u00220 0 18 14\u0022\n     class=\u0022icon icon-arrow_right\u0022\u003E\n    \u003Cg fill=\u0022none\u0022 fill-rule=\u0022evenodd\u0022 transform=\u0022translate(-3 -5)\u0022\u003E\n        \u003Cpath class=\u0022fill\u0022\n              d=\u0022M13.293 5.293a1 1 0 0 1 1.414 0l6 6A1.006 1.006 0 0 1 21 12l-.004-.085c.002.017.003.034.003.052L21 12a1.018 1.018 0 0 1-.146.52 1.035 1.035 0 0 1-.147.187l.08-.09a1.003 1.003 0 0 1-.007.008l-.073.082-6 6a1 1 0 0 1-1.414-1.414l4.292-4.294L4 13a1 1 0 0 1-.993-.883L3 12a1 1 0 0 1 1-1l13.585-.001-4.292-4.292a1 1 0 0 1-.083-1.32Z\u0022\/\u003E\n    \u003C\/g\u003E\n\u003C\/svg\u003E\n                                            \u003C\/span\u003E\n                \n            \u003C\/div\u003E\n        \u003C\/a\u003E\n    \n                \u003C\/div\u003E\n","    \u003Cdiv class=\u0022content-tile content-tile-news\u0022\u003E\n            \u003Cdiv class=\u0022content-side\u0022\u003E\n                                                            \n\n\n                                                                    \n\n\u003Cdiv class=\u0022image-container with-border\u0022\u003E\n    \u003Cdiv class=\u0022image\u0022\u003E\n        \u003Cpicture class=\u0022format-16-10\u0022\u003E\n                                                                                                                 \u003Csource srcset=\u0022https:\/\/www.bott.at\/var\/site\/storage\/images\/_aliases\/cw_small_1x\/0\/9\/6\/7\/797690-2-ger-DE\/aea2adba56e1-MAN_TGE_Polizei_hi_re_DSC00102_V01-seitenansicht.jpg.webp 1x, https:\/\/www.bott.at\/var\/site\/storage\/images\/_aliases\/cw_small_2x\/0\/9\/6\/7\/797690-2-ger-DE\/aea2adba56e1-MAN_TGE_Polizei_hi_re_DSC00102_V01-seitenansicht.jpg.webp 2x\u0022\u003E\n                                                \n            \u003Cimg src=\u0022\/var\/site\/storage\/images\/0\/9\/6\/7\/797690-2-ger-DE\/aea2adba56e1-MAN_TGE_Polizei_hi_re_DSC00102_V01-seitenansicht.jpg\u0022\n                                    alt=\u0022MAN TGE Ausbau von bott f\u00fcr die Kriminalpolizei Niedersachsen\u0022\n                                                                    data-focus-x=\u00220\u0022\n                    data-focus-y=\u00220\u0022\n                                 class=\u0022cover\u0022\n                 loading=\u0022lazy\u0022\u003E\n        \u003C\/picture\u003E\n    \u003C\/div\u003E\n\u003C\/div\u003E\n\n                                                    \u003Cdiv class=\u0022d-md-none news-date\u0022\u003E\n                    02.04.2026\n                \u003C\/div\u003E\n                    \u003C\/div\u003E\n        \u003Cdiv class=\u0022content-text\u0022\u003E\n\n                \u003Ch3 class=\u0022h3\u0022\u003E\n        \u003Cspan\u003ESpezialausbau f\u00fcr die Kriminalpolizei Niedersachsen\u003C\/span\u003E\n    \u003C\/h3\u003E\n\n                            \u003Cdiv class=\u0022date d-none d-md-block\u0022\u003E02.04.2026\u003C\/div\u003E\n                        \u003Cdiv class=\u0022text\u0022\u003E\n                                                    Eins\u00e4tze der Kriminalpolizei folgen selten einem festen Ablauf. Situationen entstehen pl\u00f6tzlich, Informationen m\u00fcssen vertraulich verarbeitet werden, und der Arbeitsplatz befindet sich oft dort, wo der Einsatz stattfindet. Genau hier beginnt das Problem vieler Beh\u00f6rdenfahrzeuge. Sie bieten zwar Transportkapazit\u00e4t, aber keinen funktionalen Raum f\u00fcr konzentrierte Ermittlungsarbeit.\r\nMit dem neuen Ausbau des MAN TGE hat bott gemeinsam mit der Kriminalpolizei Niedersachsen in Deutschland eine L\u00f6sung geschaffen, die diese L\u00fccke schlie\u00dft und k\u00fcnftig als Kleinserie verf\u00fcgbar sein wird.\n                            \u003C\/div\u003E\n                            \u003Cdiv class=\u0022tag\u0022\u003ENews\u003C\/div\u003E\n                    \u003C\/div\u003E\n                                \n\n    \n                \n    \n\n\n            \u003Ca type=\u0022button\u0022 href=\u0022\/unternehmen\/aktuelles\/2026\/spezialausbau-fuer-die-kriminalpolizei-niedersachsen\u0022  target=\u0022_self\u0022  class=\u0022button btn-primary icon-only size-md \u0022  \u003E\n\n            \u003Cdiv class=\u0022button-content\u0022\u003E\n                \n                                    \u003Cspan class=\u0022svg-icon \u0022\u003E\n                                                    \u003Csvg xmlns=\u0022http:\/\/www.w3.org\/2000\/svg\u0022 xmlns:xlink=\u0022http:\/\/www.w3.org\/1999\/xlink\u0022 viewBox=\u00220 0 18 14\u0022\n     class=\u0022icon icon-arrow_right\u0022\u003E\n    \u003Cg fill=\u0022none\u0022 fill-rule=\u0022evenodd\u0022 transform=\u0022translate(-3 -5)\u0022\u003E\n        \u003Cpath class=\u0022fill\u0022\n              d=\u0022M13.293 5.293a1 1 0 0 1 1.414 0l6 6A1.006 1.006 0 0 1 21 12l-.004-.085c.002.017.003.034.003.052L21 12a1.018 1.018 0 0 1-.146.52 1.035 1.035 0 0 1-.147.187l.08-.09a1.003 1.003 0 0 1-.007.008l-.073.082-6 6a1 1 0 0 1-1.414-1.414l4.292-4.294L4 13a1 1 0 0 1-.993-.883L3 12a1 1 0 0 1 1-1l13.585-.001-4.292-4.292a1 1 0 0 1-.083-1.32Z\u0022\/\u003E\n    \u003C\/g\u003E\n\u003C\/svg\u003E\n                                            \u003C\/span\u003E\n                \n            \u003C\/div\u003E\n        \u003C\/a\u003E\n    \n                \u003C\/div\u003E\n","    \u003Cdiv class=\u0022content-tile content-tile-news\u0022\u003E\n            \u003Cdiv class=\u0022content-side\u0022\u003E\n                                                            \n\n\n                                                                    \n\n\u003Cdiv class=\u0022image-container with-border\u0022\u003E\n    \u003Cdiv class=\u0022image\u0022\u003E\n        \u003Cpicture class=\u0022format-16-10\u0022\u003E\n                                                                                                                 \u003Csource srcset=\u0022https:\/\/www.bott.at\/var\/site\/storage\/images\/_aliases\/cw_small_1x\/0\/2\/7\/8\/198720-1-eng-GB\/37680f3ad0b8-Bild3-bott-avero-Arbeitsplatzsystem.jpg.webp 1x, https:\/\/www.bott.at\/var\/site\/storage\/images\/_aliases\/cw_small_2x\/0\/2\/7\/8\/198720-1-eng-GB\/37680f3ad0b8-Bild3-bott-avero-Arbeitsplatzsystem.jpg.webp 2x\u0022\u003E\n                                                \n            \u003Cimg src=\u0022\/var\/site\/storage\/images\/0\/2\/7\/8\/198720-1-eng-GB\/37680f3ad0b8-Bild3-bott-avero-Arbeitsplatzsystem.jpg\u0022\n                                    alt=\u0022Bild3-bott-avero-Arbeitsplatzsystem.jpg\u0022\n                                                                    data-focus-x=\u00220\u0022\n                    data-focus-y=\u00220\u0022\n                                 class=\u0022cover\u0022\n                 loading=\u0022lazy\u0022\u003E\n        \u003C\/picture\u003E\n    \u003C\/div\u003E\n\u003C\/div\u003E\n\n                                                    \u003Cdiv class=\u0022d-md-none news-date\u0022\u003E\n                    26.03.2026\n                \u003C\/div\u003E\n                    \u003C\/div\u003E\n        \u003Cdiv class=\u0022content-text\u0022\u003E\n\n                \u003Ch3 class=\u0022h3\u0022\u003E\n        \u003Cspan\u003EErgonomie am Arbeitsplatz mit avero\u003C\/span\u003E\n    \u003C\/h3\u003E\n\n                            \u003Cdiv class=\u0022date d-none d-md-block\u0022\u003E26.03.2026\u003C\/div\u003E\n                        \u003Cdiv class=\u0022text\u0022\u003E\n                                                    Wir bei bott sind davon \u00fcberzeugt, dass Ergonomie am Arbeitsplatz mit gut geplanten, leicht zug\u00e4nglichen und modularen Aufbewahrungssystemen beginnt. Ganz gleich, ob Sie Betriebsabl\u00e4ufe \u00fcberwachen, effiziente Arbeitsprozesse gestalten oder die Einhaltung von Gesundheits- und Sicherheitsstandards sicherstellen \u2013 die Gestaltung und Organisation Ihres Arbeitsplatzes spielt eine entscheidende Rolle f\u00fcr das Wohlbefinden, die Sicherheit und die Leistungsf\u00e4higkeit Ihres Teams.\r\n\r\nIn diesem Artikel untersuchen wir, warum modulare Aufbewahrungssysteme die Grundlage f\u00fcr ergonomische Arbeitspl\u00e4tze in Produktion, Montage und technischen Arbeitsbereichen bilden \u2013 und wie L\u00f6sungen von bott dazu beitragen k\u00f6nnen, Ausfallzeiten zu reduzieren, das Verletzungsrisiko zu minimieren und die Produktivit\u00e4t zu steigern.\n                            \u003C\/div\u003E\n                            \u003Cdiv class=\u0022tag\u0022\u003ENews\u003C\/div\u003E\n                    \u003C\/div\u003E\n                                \n\n    \n                \n    \n\n\n            \u003Ca type=\u0022button\u0022 href=\u0022\/unternehmen\/aktuelles\/2026\/ergonomie-am-arbeitsplatz-mit-avero\u0022  target=\u0022_self\u0022  class=\u0022button btn-primary icon-only size-md \u0022  \u003E\n\n            \u003Cdiv class=\u0022button-content\u0022\u003E\n                \n                                    \u003Cspan class=\u0022svg-icon \u0022\u003E\n                                                    \u003Csvg xmlns=\u0022http:\/\/www.w3.org\/2000\/svg\u0022 xmlns:xlink=\u0022http:\/\/www.w3.org\/1999\/xlink\u0022 viewBox=\u00220 0 18 14\u0022\n     class=\u0022icon icon-arrow_right\u0022\u003E\n    \u003Cg fill=\u0022none\u0022 fill-rule=\u0022evenodd\u0022 transform=\u0022translate(-3 -5)\u0022\u003E\n        \u003Cpath class=\u0022fill\u0022\n              d=\u0022M13.293 5.293a1 1 0 0 1 1.414 0l6 6A1.006 1.006 0 0 1 21 12l-.004-.085c.002.017.003.034.003.052L21 12a1.018 1.018 0 0 1-.146.52 1.035 1.035 0 0 1-.147.187l.08-.09a1.003 1.003 0 0 1-.007.008l-.073.082-6 6a1 1 0 0 1-1.414-1.414l4.292-4.294L4 13a1 1 0 0 1-.993-.883L3 12a1 1 0 0 1 1-1l13.585-.001-4.292-4.292a1 1 0 0 1-.083-1.32Z\u0022\/\u003E\n    \u003C\/g\u003E\n\u003C\/svg\u003E\n                                            \u003C\/span\u003E\n                \n            \u003C\/div\u003E\n        \u003C\/a\u003E\n    \n                \u003C\/div\u003E\n"],"link":{"active":false,"label":"Weitere Meldungen laden\n","href":{"value":"\/load-news?target=2173\u0026page=3","target":"_self","arrayIndexKey":null},"download":false,"internal":null,"arrayIndexKey":null}}